{
    "id": 3068,
    "date": "2024-08-06T10:17:11",
    "date_gmt": "2024-08-06T08:17:11",
    "guid": {
        "rendered": "https:\/\/envasesfarmaceuticos.com\/?p=3068"
    },
    "modified": "2024-08-06T10:17:11",
    "modified_gmt": "2024-08-06T08:17:11",
    "slug": "levolucio-del-packaging",
    "status": "publish",
    "type": "post",
    "link": "https:\/\/envasesfarmaceuticos.com\/ca\/levolucio-del-packaging\/",
    "title": {
        "rendered": "L&#8217;EVOLUCI\u00d3 DEL PACKAGING"
    },
    "content": {
        "rendered": "<h4 style=\"text-align: center;\"><span style=\"color: #000000;\"><strong><u>L&#8217;Evoluci\u00f3 del Packaging:<\/u><\/strong><\/span><\/h4>\n<h4 style=\"text-align: center;\"><span style=\"color: #000000;\"><strong>De la Funcionalitat a la Sostenibilitat<\/strong><\/span><\/h4>\n<p><span style=\"color: #000000;\">El packaging farmac\u00e8utic i cosm\u00e8tic ha recorregut un llarg cam\u00ed des dels seus inicis fins a convertir-se en un component essencial de la ind\u00fastria moderna. L&#8217;evoluci\u00f3 del packaging no nom\u00e9s reflecteix aven\u00e7os tecnol\u00f2gics i est\u00e8tics, sin\u00f3 tamb\u00e9 canvis en les necessitats i expectatives dels consumidors. Aquest recorregut hist\u00f2ric ofereix una visi\u00f3 fascinant de com la funcionalitat, la seguretat, l&#8217;est\u00e8tica i la sostenibilitat han anat canviant el packaging al llarg del temps.<\/span><\/p>\n<p>&nbsp;<\/p>\n<p><span style=\"color: #000000;\"><img fetchpriority=\"high\" decoding=\"async\" class=\"wp-image-3075 aligncenter\" style=\"text-align: center;\" src=\"https:\/\/envasesfarmaceuticos.com\/wp-content\/uploads\/2024\/08\/LINEA-HISTORIA-300x43.png\" alt=\"\" width=\"879\" height=\"126\" srcset=\"https:\/\/envasesfarmaceuticos.com\/wp-content\/uploads\/2024\/08\/LINEA-HISTORIA-300x43.png 300w, https:\/\/envasesfarmaceuticos.com\/wp-content\/uploads\/2024\/08\/LINEA-HISTORIA-18x3.png 18w, https:\/\/envasesfarmaceuticos.com\/wp-content\/uploads\/2024\/08\/LINEA-HISTORIA-600x86.png 600w, https:\/\/envasesfarmaceuticos.com\/wp-content\/uploads\/2024\/08\/LINEA-HISTORIA.png 748w\" sizes=\"(max-width: 879px) 100vw, 879px\" \/><\/span><\/p>\n<p style=\"text-align: center;\"><span style=\"color: #000000;\"><strong><u>Segle XIX<\/u><\/strong><\/span><\/p>\n<p><span style=\"color: #000000;\"><img decoding=\"async\" class=\"wp-image-3076 alignleft\" src=\"https:\/\/envasesfarmaceuticos.com\/wp-content\/uploads\/2024\/08\/TARRO.png\" alt=\"\" width=\"66\" height=\"68\" srcset=\"https:\/\/envasesfarmaceuticos.com\/wp-content\/uploads\/2024\/08\/TARRO.png 157w, https:\/\/envasesfarmaceuticos.com\/wp-content\/uploads\/2024\/08\/TARRO-12x12.png 12w\" sizes=\"(max-width: 66px) 100vw, 66px\" \/>A finals del segle XIX, el vidre seguia sent el material predominant per als envasos. No obstant aix\u00f2, amb la invenci\u00f3 de nous materials i processos de fabricaci\u00f3, com l&#8217;estany i l&#8217;\u00fas d&#8217;alumini, van comen\u00e7ar a apar\u00e8ixer envasos m\u00e9s lleugers i duradors. Durant aquest per\u00edode, la funci\u00f3 del packaging no nom\u00e9s era protegir el producte, sin\u00f3 tamb\u00e9 <u>facilitar el seu transport i emmagatzematge<\/u>.<\/span><\/p>\n<p>&nbsp;<\/p>\n<p style=\"text-align: center;\"><span style=\"color: #000000;\"><strong><u>Principis del Segle XX<\/u><\/strong><\/span><\/p>\n<p><span style=\"color: #000000;\"><img decoding=\"async\" class=\"wp-image-3069 alignright\" style=\"text-align: center;\" src=\"https:\/\/envasesfarmaceuticos.com\/wp-content\/uploads\/2024\/08\/Imagen2.png\" alt=\"\" width=\"72\" height=\"56\" srcset=\"https:\/\/envasesfarmaceuticos.com\/wp-content\/uploads\/2024\/08\/Imagen2.png 169w, https:\/\/envasesfarmaceuticos.com\/wp-content\/uploads\/2024\/08\/Imagen2-16x12.png 16w\" sizes=\"(max-width: 72px) 100vw, 72px\" \/><\/span><\/p>\n<p><span style=\"color: #000000;\">El segle XX va marcar l&#8217;inici d&#8217;una era daurada pel packaging. La <u>invenci\u00f3 del pl\u00e0stic<\/u> va revolucionar la ind\u00fastria, permetent la creaci\u00f3 d&#8217;envasos m\u00e9s vers\u00e0tils i econ\u00f2mics. Els flascons de vidre i metall van ser reempla\u00e7ats gradualment per envasos de pl\u00e0stic, que oferien m\u00e9s resist\u00e8ncia i menor pes. A m\u00e9s, la introducci\u00f3 de m\u00e0quines d&#8217; envasament automatitzades va permetre una producci\u00f3 m\u00e9s r\u00e0pida i eficient.<\/span><\/p>\n<p><span style=\"color: #000000;\"><strong>\u00a0<\/strong><\/span><\/p>\n<p style=\"text-align: center;\"><span style=\"color: #000000;\"><strong><u>D\u00e8cades de 1950 i 1960<\/u><\/strong><\/span><\/p>\n<p><span style=\"color: #000000;\"><img loading=\"lazy\" decoding=\"async\" class=\"wp-image-3070 alignleft\" src=\"https:\/\/envasesfarmaceuticos.com\/wp-content\/uploads\/2024\/08\/Imagen3.png\" alt=\"\" width=\"62\" height=\"78\" srcset=\"https:\/\/envasesfarmaceuticos.com\/wp-content\/uploads\/2024\/08\/Imagen3.png 184w, https:\/\/envasesfarmaceuticos.com\/wp-content\/uploads\/2024\/08\/Imagen3-10x12.png 10w\" sizes=\"(max-width: 62px) 100vw, 62px\" \/>Amb el creixement de l&#8217;economia de consum, el packaging va comen\u00e7ar a experimentar un paper crucial del <u>m\u00e0rqueting<\/u>. Els envasos es van convertir en una eina clau per atreure els consumidors, diferenciant productes en un mercat cada vegada m\u00e9s competitiu. Es va prestar m\u00e9s atenci\u00f3 al disseny, amb envasos m\u00e9s atractius i ergon\u00f2mics.<\/span><\/p>\n<p>&nbsp;<\/p>\n<p style=\"text-align: center;\"><span style=\"color: #000000;\"><strong><u>D\u00e8cades de 1970 i 1990<\/u><\/strong><\/span><\/p>\n<p><span style=\"color: #000000;\">La d\u00e8cada de 1970 va veure una major consci\u00e8ncia sobre la <u>seguretat<\/u> i la <u>protecci\u00f3<\/u> del consumidor. Es van introduir envasos a prova de manipulacions i tancaments<img loading=\"lazy\" decoding=\"async\" class=\"wp-image-3071 alignright\" src=\"https:\/\/envasesfarmaceuticos.com\/wp-content\/uploads\/2024\/08\/Imagen4.png\" alt=\"\" width=\"61\" height=\"59\" srcset=\"https:\/\/envasesfarmaceuticos.com\/wp-content\/uploads\/2024\/08\/Imagen4.png 155w, https:\/\/envasesfarmaceuticos.com\/wp-content\/uploads\/2024\/08\/Imagen4-12x12.png 12w\" sizes=\"(max-width: 61px) 100vw, 61px\" \/>\u00a0de seguretat, especialment en la ind\u00fastria farmac\u00e8utica, per evitar intoxicacions. Al mateix temps, els aven\u00e7os en materials van permetre envasos m\u00e9s innovadors, com els tubs de pl\u00e0stic flexibles per a cremes i locions.<\/span><\/p>\n<p><span style=\"color: #000000;\"><strong>\u00a0<\/strong><\/span><\/p>\n<p style=\"text-align: center;\"><span style=\"color: #000000;\"><strong><u>D\u00e8cades de 2000 i 2010 <\/u><\/strong><\/span><\/p>\n<p><span style=\"color: #000000;\"><img loading=\"lazy\" decoding=\"async\" class=\"wp-image-3072 alignleft\" src=\"https:\/\/envasesfarmaceuticos.com\/wp-content\/uploads\/2024\/08\/Imagen5.png\" alt=\"\" width=\"70\" height=\"68\" srcset=\"https:\/\/envasesfarmaceuticos.com\/wp-content\/uploads\/2024\/08\/Imagen5.png 168w, https:\/\/envasesfarmaceuticos.com\/wp-content\/uploads\/2024\/08\/Imagen5-12x12.png 12w, https:\/\/envasesfarmaceuticos.com\/wp-content\/uploads\/2024\/08\/Imagen5-50x50.png 50w\" sizes=\"(max-width: 70px) 100vw, 70px\" \/>A mesura que els consumidors es van tornar m\u00e9s conscients del medi ambient, la <u>sostenibilitat<\/u> es va convertir en una prioritat per a la ind\u00fastria del packaging. Es van comen\u00e7ar a desenvolupar envasos biodegradables i reciclables, i es va promoure l&#8217;\u00fas de materials reciclats. La <u>tecnologia<\/u> tamb\u00e9 va exercir un paper crucial, amb l\u2019 introducci\u00f3 d&#8217;envasos intel\u00b7ligents que podien monitorar la qualitat del producte i oferir informaci\u00f3 addicional a trav\u00e9s de codis d\u00b4indentificaci\u00f3.<\/span><\/p>\n<p><span style=\"color: #000000;\"><strong>\u00a0<\/strong><\/span><\/p>\n<p style=\"text-align: center;\"><span style=\"color: #000000;\"><strong><u>Actualment<\/u><\/strong><\/span><\/p>\n<p><span style=\"color: #000000;\">En els \u00faltims anys, la innovaci\u00f3 en el packaging ha seguit avan\u00e7ant a passos agegantats. Els consumidors busquen envasos que no nom\u00e9s siguin funcionals i <img loading=\"lazy\" decoding=\"async\" class=\"wp-image-3073 alignright\" src=\"https:\/\/envasesfarmaceuticos.com\/wp-content\/uploads\/2024\/08\/Imagen6.png\" alt=\"\" width=\"51\" height=\"52\" srcset=\"https:\/\/envasesfarmaceuticos.com\/wp-content\/uploads\/2024\/08\/Imagen6.png 183w, https:\/\/envasesfarmaceuticos.com\/wp-content\/uploads\/2024\/08\/Imagen6-150x150.png 150w, https:\/\/envasesfarmaceuticos.com\/wp-content\/uploads\/2024\/08\/Imagen6-12x12.png 12w, https:\/\/envasesfarmaceuticos.com\/wp-content\/uploads\/2024\/08\/Imagen6-100x100.png 100w, https:\/\/envasesfarmaceuticos.com\/wp-content\/uploads\/2024\/08\/Imagen6-50x50.png 50w\" sizes=\"(max-width: 51px) 100vw, 51px\" \/>est\u00e8ticament agradables, sin\u00f3 tamb\u00e9 ecol\u00f2gics i sostenibles. La ind\u00fastria ha respost amb solucions com pl\u00e0stics d&#8217;origen vegetal i envasos reutilitzables. A m\u00e9s, la digitalitzaci\u00f3 ha perm\u00e8s la creaci\u00f3 d&#8217;envasos connectats amb aplicacions m\u00f2bils per oferir experi\u00e8ncies personalitzades.<\/span><\/p>\n<p><span style=\"color: #000000;\"><strong>\u00a0<\/strong><\/span><\/p>\n<p style=\"text-align: center;\"><span style=\"color: #000000;\"><strong><u>El Futur del Packaging Cosm\u00e8tic i Farmac\u00e8utic<\/u><\/strong><\/span><\/p>\n<p><span style=\"color: #000000;\">El futur del packaging farmac\u00e8utic i cosm\u00e8tic estar\u00e0 dominat per la sostenibilitat i l\u2019 innovaci\u00f3. S&#8217; espera un augment en l\u2019\u00fas de materials reciclats i biodegradables, aix\u00ed com l&#8217; adopci\u00f3 d&#8217; envasos reutilitzables i sistemes de refill. La ind\u00fastria tamb\u00e9 explorar\u00e0 noves tecnologies, com l&#8217;\u00fas de biopl\u00e0stics i envasos fets de\u00a0 residus agr\u00edcoles.\u00a0<\/span><span style=\"color: #000000;\">La personalitzaci\u00f3 ser\u00e0 un altre factor clau. Els consumidors buscaran envasos que reflecteixin les seves prefer\u00e8ncies i valors personals. <\/span><span style=\"color: #000000;\">La tecnologia seguir\u00e0 exercint un paper crucial, amb envasos intel\u00b7ligents que monitoren la vida \u00fatil del producte, notifiquen l&#8217;usuari sobre la data de caducitat i ofereixen recomanacions personalitzades. <\/span><span style=\"color: #000000;\">Finalment, les regulacions i normatives seguiran evolucionant per garantir la seguretat i la sostenibilitat. Les empreses s&#8217; hauran d&#8217; adaptar a lleis m\u00e9s estrictes sobre l&#8217; \u00fas de pl\u00e0stics i la gesti\u00f3 de residus, promovent pr\u00e0ctiques m\u00e9s responsables i ecol\u00f2giques.<\/span><\/p>\n<p><img loading=\"lazy\" decoding=\"async\" class=\"wp-image-3074 alignleft\" style=\"color: #000000;\" src=\"https:\/\/envasesfarmaceuticos.com\/wp-content\/uploads\/2024\/08\/Imagen7.png\" alt=\"\" width=\"161\" height=\"161\" srcset=\"https:\/\/envasesfarmaceuticos.com\/wp-content\/uploads\/2024\/08\/Imagen7.png 298w, https:\/\/envasesfarmaceuticos.com\/wp-content\/uploads\/2024\/08\/Imagen7-150x150.png 150w, https:\/\/envasesfarmaceuticos.com\/wp-content\/uploads\/2024\/08\/Imagen7-12x12.png 12w, https:\/\/envasesfarmaceuticos.com\/wp-content\/uploads\/2024\/08\/Imagen7-100x100.png 100w, https:\/\/envasesfarmaceuticos.com\/wp-content\/uploads\/2024\/08\/Imagen7-50x50.png 50w\" sizes=\"(max-width: 161px) 100vw, 161px\" \/><\/p>\n<p>&nbsp;<\/p>\n<p><span style=\"color: #000000;\">L&#8217; evoluci\u00f3 del packaging cosm\u00e8tic i farmac\u00e8utic reflecteix una transformaci\u00f3 profunda impulsada per la innovaci\u00f3, les necessitats del <\/span><span style=\"color: #000000;\">consumidor i la responsabilitat ambiental<\/span><span style=\"color: #000000;\">.<\/span><span style=\"color: #000000;\"> Des dels simples flascons de vidre de l&#8217;antiguitat fins als envasos intel\u00b7ligents i sostenibles del futur, la hist\u00f2ria del packaging \u00e9s un testimoni de l&#8217;enginy hum\u00e0 i la capacitat d&#8217;adaptaci\u00f3<\/span><span style=\"color: #000000;\">.<\/span><span style=\"color: #000000;\"> A mesura que avancem cap a un futur m\u00e9s conscient i tecnol\u00f2gicament avan\u00e7at, el packaging continuar\u00e0 sent un element crucial en l&#8217;entrega de productes segurs, efica\u00e7os i atractius.<\/span><\/p>\n<p>&nbsp;<\/p>\n<p style=\"text-align: center;\"><span style=\"color: #000000;\">Et convidem a explorar el nostre lloc web <a style=\"color: #000000;\" href=\"https:\/\/envasesfarmaceuticos.com\/ca\/\"><em>https:\/\/envasesfarmaceuticos.com<\/em><\/a>, a contactar-nos <a style=\"color: #000000;\" href=\"mailto:marina@envasesfarmaceuticos.com\"><em>marina@envasesfarmaceuticos.com<\/em><\/a>\u00a0i descobrir tot el que tenim per oferir-te.<\/span><\/p>",
        "protected": false
    },
    "excerpt": {
        "rendered": "<p>L&#8217;Evoluci\u00f3 del Packaging: De la Funcionalitat a la Sostenibilitat El packaging farmac\u00e8utic i cosm\u00e8tic ha recorregut un llarg cam\u00ed des dels seus inicis fins a convertir-se en un component essencial de la ind\u00fastria moderna. L&#8217;evoluci\u00f3 del packaging no nom\u00e9s reflecteix aven\u00e7os tecnol\u00f2gics i est\u00e8tics, sin\u00f3 tamb\u00e9 canvis en les necessitats i expectatives dels consumidors. Aquest&hellip;&nbsp;<a href=\"https:\/\/envasesfarmaceuticos.com\/ca\/levolucio-del-packaging\/\" rel=\"bookmark\"><span class=\"screen-reader-text\">L&#8217;EVOLUCI\u00d3 DEL PACKAGING<\/span><\/a><\/p>",
        "protected": false
    },
    "author": 3,
    "featured_media": 725,
    "comment_status": "closed",
    "ping_status": "closed",
    "sticky": false,
    "template": "",
    "format": "standard",
    "meta": {
        "om_disable_all_campaigns": false,
        "_monsterinsights_skip_tracking": false,
        "_monsterinsights_sitenote_active": false,
        "_monsterinsights_sitenote_note": "",
        "_monsterinsights_sitenote_category": 0,
        "_uf_show_specific_survey": 0,
        "_uf_disable_surveys": false,
        "neve_meta_sidebar": "",
        "neve_meta_container": "",
        "neve_meta_enable_content_width": "off",
        "neve_meta_content_width": 70,
        "neve_meta_title_alignment": "",
        "neve_meta_author_avatar": "",
        "neve_post_elements_order": "",
        "neve_meta_disable_header": "",
        "neve_meta_disable_footer": "",
        "neve_meta_disable_title": "",
        "footnotes": ""
    },
    "categories": [
        192
    ],
    "tags": [],
    "class_list": [
        "post-3068",
        "post",
        "type-post",
        "status-publish",
        "format-standard",
        "has-post-thumbnail",
        "hentry",
        "category-packaging"
    ],
    "acf": [],
    "aioseo_notices": [],
    "_links": {
        "self": [
            {
                "href": "https:\/\/envasesfarmaceuticos.com\/ca\/wp-json\/wp\/v2\/posts\/3068",
                "targetHints": {
                    "allow": [
                        "GET"
                    ]
                }
            }
        ],
        "collection": [
            {
                "href": "https:\/\/envasesfarmaceuticos.com\/ca\/wp-json\/wp\/v2\/posts"
            }
        ],
        "about": [
            {
                "href": "https:\/\/envasesfarmaceuticos.com\/ca\/wp-json\/wp\/v2\/types\/post"
            }
        ],
        "author": [
            {
                "embeddable": true,
                "href": "https:\/\/envasesfarmaceuticos.com\/ca\/wp-json\/wp\/v2\/users\/3"
            }
        ],
        "replies": [
            {
                "embeddable": true,
                "href": "https:\/\/envasesfarmaceuticos.com\/ca\/wp-json\/wp\/v2\/comments?post=3068"
            }
        ],
        "version-history": [
            {
                "count": 4,
                "href": "https:\/\/envasesfarmaceuticos.com\/ca\/wp-json\/wp\/v2\/posts\/3068\/revisions"
            }
        ],
        "predecessor-version": [
            {
                "id": 3080,
                "href": "https:\/\/envasesfarmaceuticos.com\/ca\/wp-json\/wp\/v2\/posts\/3068\/revisions\/3080"
            }
        ],
        "wp:featuredmedia": [
            {
                "embeddable": true,
                "href": "https:\/\/envasesfarmaceuticos.com\/ca\/wp-json\/wp\/v2\/media\/725"
            }
        ],
        "wp:attachment": [
            {
                "href": "https:\/\/envasesfarmaceuticos.com\/ca\/wp-json\/wp\/v2\/media?parent=3068"
            }
        ],
        "wp:term": [
            {
                "taxonomy": "category",
                "embeddable": true,
                "href": "https:\/\/envasesfarmaceuticos.com\/ca\/wp-json\/wp\/v2\/categories?post=3068"
            },
            {
                "taxonomy": "post_tag",
                "embeddable": true,
                "href": "https:\/\/envasesfarmaceuticos.com\/ca\/wp-json\/wp\/v2\/tags?post=3068"
            }
        ],
        "curies": [
            {
                "name": "wp",
                "href": "https:\/\/api.w.org\/{rel}",
                "templated": true
            }
        ]
    }
}