{
    "id": 3774,
    "date": "2025-07-30T11:11:09",
    "date_gmt": "2025-07-30T09:11:09",
    "guid": {
        "rendered": "https:\/\/envasesfarmaceuticos.com\/?p=3774"
    },
    "modified": "2025-07-30T11:11:23",
    "modified_gmt": "2025-07-30T09:11:23",
    "slug": "que-tipo-de-vidrio-necesito",
    "status": "publish",
    "type": "post",
    "link": "https:\/\/envasesfarmaceuticos.com\/ca\/que-tipo-de-vidrio-necesito\/",
    "title": {
        "rendered": "\u00bfQU\u00c9 TIPO DE VIDRIO NECESITO?"
    },
    "content": {
        "rendered": "<h2 style=\"text-align: center;\"><span style=\"color: #2076b3;\"><strong><u>QUIN TIPUS DE VIDRE NECESSITO?<\/u><\/strong><\/span><\/h2>\n<p style=\"text-align: center;\"><span style=\"color: #000000;\">A l&#8217;entorn farmac\u00e8utic i cosm\u00e8tic, l&#8217;elecci\u00f3 del flasc\u00f3 o vial adequat no \u00e9s trivial: involucra ci\u00e8ncia i seguretat segons el seu \u00fas final. A continuaci\u00f3, t&#8217;oferim una guia pensada per a professionals que valoren tant la precisi\u00f3 com el coneixement actualitzat.<\/span><\/p>\n<h3 style=\"text-align: center;\"><span style=\"color: #2076b3;\"><strong>PER QU\u00c8 EL VIDRE \u00c9S UN DELS M\u00c9S UTILITZATS?<\/strong><\/span><\/h3>\n<p style=\"text-align: center;\"><span style=\"color: #000000;\">El vidre \u00e9s un aliat indispensable a l\u2019industria farmac\u00e8utica per diverses raons clau:<\/span><\/p>\n<p><img fetchpriority=\"high\" decoding=\"async\" class=\"wp-image-3776 aligncenter\" src=\"https:\/\/envasesfarmaceuticos.com\/wp-content\/uploads\/2025\/07\/cat-1-300x169.jpg\" alt=\"\" width=\"940\" height=\"529\" srcset=\"https:\/\/envasesfarmaceuticos.com\/wp-content\/uploads\/2025\/07\/cat-1-300x169.jpg 300w, https:\/\/envasesfarmaceuticos.com\/wp-content\/uploads\/2025\/07\/cat-1-1024x576.jpg 1024w, https:\/\/envasesfarmaceuticos.com\/wp-content\/uploads\/2025\/07\/cat-1-768x432.jpg 768w, https:\/\/envasesfarmaceuticos.com\/wp-content\/uploads\/2025\/07\/cat-1-1536x864.jpg 1536w, https:\/\/envasesfarmaceuticos.com\/wp-content\/uploads\/2025\/07\/cat-1-18x10.jpg 18w, https:\/\/envasesfarmaceuticos.com\/wp-content\/uploads\/2025\/07\/cat-1-600x338.jpg 600w, https:\/\/envasesfarmaceuticos.com\/wp-content\/uploads\/2025\/07\/cat-1.jpg 1920w\" sizes=\"(max-width: 940px) 100vw, 940px\" \/><\/p>\n<h3 style=\"text-align: center;\"><span style=\"color: #2076b3;\"><u>TIPOLOGIES DE VIDRE<\/u><\/span><\/h3>\n<p>La USP (United States Pharmacopeia) classifica els envasos de vidre farmac\u00e8utic en tres grups principals. Aquesta classificaci\u00f3 ajuda a seleccionar el vial o flasc\u00f3 m\u00e9s adequat segons les propietats del producte:<\/p>\n<p><strong><span style=\"color: #2076b3;\">Tipus I (Borosilicat):<\/span> <\/strong>M\u00e0xima resist\u00e8ncia qu\u00edmica, alta estabilitat i suporta xocs t\u00e8rmics. El seu \u00fas \u00e9s molt ampli degut a al seva seguretat, tot i que els usos m\u00e9s habituals s\u00f3n per a vials amb solucions injectables, f\u00e0rmacs sensibles o reactius cr\u00edtics, entre d&#8217;altres.<\/p>\n<p><strong><span style=\"color: #2076b3;\">Tipus II (S\u00f2da-c\u00e0lcic tractat):<\/span> <\/strong>Tractament superficial que millora la resist\u00e8ncia hidrol\u00edtica. Econ\u00f2mic per\u00f2 segur. El seu \u00fas es recomana per a vials o flascons amb solucions \u00e0cides o neutres, preparacions intravenoses amb pH&lt;7.<\/p>\n<p><span style=\"color: #2076b3;\"><strong>Tipus III (S\u00f2da-c\u00e0lcic est\u00e0ndard): <\/strong><\/span>Sense tractament especial. Menor resist\u00e8ncia qu\u00edmica, bona resist\u00e8ncia mec\u00e0nica. El seu \u00fas es recomana per a flasc\u00f3s amb xarops, pols, olis, envasos d&#8217; antibi\u00f2tics en pols.<\/p>\n<p><img decoding=\"async\" class=\"wp-image-3775 aligncenter\" src=\"https:\/\/envasesfarmaceuticos.com\/wp-content\/uploads\/2025\/07\/cat-flechas-e1753786829426-300x85.jpg\" alt=\"\" width=\"843\" height=\"239\" srcset=\"https:\/\/envasesfarmaceuticos.com\/wp-content\/uploads\/2025\/07\/cat-flechas-e1753786829426-300x85.jpg 300w, https:\/\/envasesfarmaceuticos.com\/wp-content\/uploads\/2025\/07\/cat-flechas-e1753786829426-1024x292.jpg 1024w, https:\/\/envasesfarmaceuticos.com\/wp-content\/uploads\/2025\/07\/cat-flechas-e1753786829426-768x219.jpg 768w, https:\/\/envasesfarmaceuticos.com\/wp-content\/uploads\/2025\/07\/cat-flechas-e1753786829426-1536x438.jpg 1536w, https:\/\/envasesfarmaceuticos.com\/wp-content\/uploads\/2025\/07\/cat-flechas-e1753786829426-18x5.jpg 18w, https:\/\/envasesfarmaceuticos.com\/wp-content\/uploads\/2025\/07\/cat-flechas-e1753786829426-600x171.jpg 600w, https:\/\/envasesfarmaceuticos.com\/wp-content\/uploads\/2025\/07\/cat-flechas-e1753786829426.jpg 1920w\" sizes=\"(max-width: 843px) 100vw, 843px\" \/><\/p>\n<p>A EFARMA comptem amb una \u00e0mplia varietat de flascons i vials fabricats en les tres principals tipologies de vidre, adaptant-nos a les necessitats espec\u00edfiques de cada sector.<\/p>\n<p>Posem a la teva disposici\u00f3 vials boca 20mm (antibi\u00f2tic) i boca 32mm (s\u00e8rum), juntament amb els seus respectius tancaments: c\u00e0psules d&#8217;alumini, taps i comptagotes. Tamb\u00e9 oferim flascons Pilfer 28, complementats amb taps degotadors i obturadors, aix\u00ed com flascons DIN18, que poden incloure taps amb precinte o comptagotes.<\/p>\n<h3 style=\"text-align: center;\"><span style=\"color: #2076b3;\"><u>RECOMANACIONS PR\u00c0CTIQUES PER A CADA NECESSITAT<\/u><\/span><\/h3>\n<ul>\n<li>Si treballes amb vials per <strong>a preparats parenterals, injectables, solucions sensibles<\/strong> o busques assegurar el teu producte davant canvis t\u00e8rmics, tria sempre <strong>vidre tipus I<\/strong>.<\/li>\n<li>Per <strong>a productes l\u00edquids neutres o \u00e0cids<\/strong> que no necessiten la m\u00e0xima protecci\u00f3, <strong>el tipus II<\/strong> ofereix un excel\u00b7lent equilibri entre seguretat i cost.<\/li>\n<li>Per <strong>a productes menys exigents<\/strong> \u2014com pols, olis o solucions no cr\u00edtiques\u2014 el <strong>tipus III<\/strong> \u00e9s suficient i m\u00e9s econ\u00f2mic.<\/li>\n<\/ul>\n<p>&nbsp;<\/p>\n<p>En el sector farmac\u00e8utic, seleccionar l&#8217; env\u00e0s de vidre adequat garanteix no nom\u00e9s la seguretat i conservaci\u00f3 dels productes, sin\u00f3 tamb\u00e9 l&#8217; efici\u00e8ncia en els processos i el compliment regulatori. Elegir el flasc\u00f3 correcte \u00e9s el primer pas per assegurar la qualitat, per la qual cosa aquest proc\u00e9s s&#8217; ha de realitzar amb rigor i responsabilitat professional.<\/p>\n<p>&nbsp;<\/p>\n<h4 style=\"text-align: center;\"><span style=\"color: #2076b3;\">Te invitamos a visitar nuestra web <a href=\"https:\/\/envasesfarmaceuticos.com\/ca\/\">www.envasesfarmaceuticos.com<\/a> o a contactar con nosotros <a href=\"\/ca\/marina@envasesfarmaceuticos.com\/\">marina@envasesfarmaceuticos<\/a> para m\u00e1s informaci\u00f3n acerca de nuestras referencias y servicios.<\/span><\/h4>",
        "protected": false
    },
    "excerpt": {
        "rendered": "<p>QUIN TIPUS DE VIDRE NECESSITO? A l&#8217;entorn farmac\u00e8utic i cosm\u00e8tic, l&#8217;elecci\u00f3 del flasc\u00f3 o vial adequat no \u00e9s trivial: involucra ci\u00e8ncia i seguretat segons el seu \u00fas final. A continuaci\u00f3, t&#8217;oferim una guia pensada per a professionals que valoren tant la precisi\u00f3 com el coneixement actualitzat. PER QU\u00c8 EL VIDRE \u00c9S UN DELS M\u00c9S UTILITZATS?&hellip;&nbsp;<a href=\"https:\/\/envasesfarmaceuticos.com\/ca\/que-tipo-de-vidrio-necesito\/\" rel=\"bookmark\"><span class=\"screen-reader-text\">\u00bfQU\u00c9 TIPO DE VIDRIO NECESITO?<\/span><\/a><\/p>",
        "protected": false
    },
    "author": 3,
    "featured_media": 1913,
    "comment_status": "closed",
    "ping_status": "closed",
    "sticky": false,
    "template": "",
    "format": "standard",
    "meta": {
        "om_disable_all_campaigns": false,
        "_monsterinsights_skip_tracking": false,
        "_monsterinsights_sitenote_active": false,
        "_monsterinsights_sitenote_note": "",
        "_monsterinsights_sitenote_category": 0,
        "_uf_show_specific_survey": 0,
        "_uf_disable_surveys": false,
        "neve_meta_sidebar": "",
        "neve_meta_container": "",
        "neve_meta_enable_content_width": "off",
        "neve_meta_content_width": 70,
        "neve_meta_title_alignment": "",
        "neve_meta_author_avatar": "",
        "neve_post_elements_order": "",
        "neve_meta_disable_header": "",
        "neve_meta_disable_footer": "",
        "neve_meta_disable_title": "",
        "footnotes": ""
    },
    "categories": [
        192
    ],
    "tags": [
        160,
        168,
        162,
        157,
        262,
        263,
        264,
        163,
        261
    ],
    "class_list": [
        "post-3774",
        "post",
        "type-post",
        "status-publish",
        "format-standard",
        "has-post-thumbnail",
        "hentry",
        "category-packaging",
        "tag-cosmetica",
        "tag-farmaceutica",
        "tag-frascos-de-vidrio",
        "tag-pilfer-28",
        "tag-tipo-vidrio",
        "tag-viales-2mm",
        "tag-viales-32mm",
        "tag-viales-de-vidrio",
        "tag-vidrio"
    ],
    "acf": [],
    "aioseo_notices": [],
    "_links": {
        "self": [
            {
                "href": "https:\/\/envasesfarmaceuticos.com\/ca\/wp-json\/wp\/v2\/posts\/3774",
                "targetHints": {
                    "allow": [
                        "GET"
                    ]
                }
            }
        ],
        "collection": [
            {
                "href": "https:\/\/envasesfarmaceuticos.com\/ca\/wp-json\/wp\/v2\/posts"
            }
        ],
        "about": [
            {
                "href": "https:\/\/envasesfarmaceuticos.com\/ca\/wp-json\/wp\/v2\/types\/post"
            }
        ],
        "author": [
            {
                "embeddable": true,
                "href": "https:\/\/envasesfarmaceuticos.com\/ca\/wp-json\/wp\/v2\/users\/3"
            }
        ],
        "replies": [
            {
                "embeddable": true,
                "href": "https:\/\/envasesfarmaceuticos.com\/ca\/wp-json\/wp\/v2\/comments?post=3774"
            }
        ],
        "version-history": [
            {
                "count": 10,
                "href": "https:\/\/envasesfarmaceuticos.com\/ca\/wp-json\/wp\/v2\/posts\/3774\/revisions"
            }
        ],
        "predecessor-version": [
            {
                "id": 3788,
                "href": "https:\/\/envasesfarmaceuticos.com\/ca\/wp-json\/wp\/v2\/posts\/3774\/revisions\/3788"
            }
        ],
        "wp:featuredmedia": [
            {
                "embeddable": true,
                "href": "https:\/\/envasesfarmaceuticos.com\/ca\/wp-json\/wp\/v2\/media\/1913"
            }
        ],
        "wp:attachment": [
            {
                "href": "https:\/\/envasesfarmaceuticos.com\/ca\/wp-json\/wp\/v2\/media?parent=3774"
            }
        ],
        "wp:term": [
            {
                "taxonomy": "category",
                "embeddable": true,
                "href": "https:\/\/envasesfarmaceuticos.com\/ca\/wp-json\/wp\/v2\/categories?post=3774"
            },
            {
                "taxonomy": "post_tag",
                "embeddable": true,
                "href": "https:\/\/envasesfarmaceuticos.com\/ca\/wp-json\/wp\/v2\/tags?post=3774"
            }
        ],
        "curies": [
            {
                "name": "wp",
                "href": "https:\/\/api.w.org\/{rel}",
                "templated": true
            }
        ]
    }
}